{"id":3773,"date":"2019-05-17T15:07:14","date_gmt":"2019-05-17T13:07:14","guid":{"rendered":"https:\/\/www.burgeap.fr\/?p=3773"},"modified":"2019-05-17T15:34:42","modified_gmt":"2019-05-17T13:34:42","slug":"nous-presentons-lors-des-journees-atmosfair-ecrains-une-methode-de-management-de-la-qualite-de-lair-interieur","status":"publish","type":"post","link":"https:\/\/www.ginger-burgeap.com\/en\/nous-presentons-lors-des-journees-atmosfair-ecrains-une-methode-de-management-de-la-qualite-de-lair-interieur\/","title":{"rendered":"Nous pr\u00e9sentons lors des journ\u00e9es Atmos&#8217;Fair 2019, ECRAINS\u00ae une m\u00e9thode de management de la qualit\u00e9 de l\u2019air int\u00e9rieur"},"content":{"rendered":"<p>Notre experte Sylvie Traverse intervient le jeudi 6 juin lors des journ\u00e9es <a href=\"http:\/\/www.atmosfair.fr\/FICHIERS\/program.pdf\" target=\"_blank\" rel=\"noopener noreferrer\">Atmos&#8217;Fair,&nbsp;<\/a>le congr\u00e8s annuel des acteurs de la qualit\u00e9 de l\u2019air dont le th\u00e8me cette ann\u00e9e est la pollution de l&#8217;air ext\u00e9rieur et int\u00e9rieur : interactions Air &#8211; Climat &#8211; Energie. Sylvie Traverse, notre experte qualit\u00e9 de l&#8217;air, donnera une conf\u00e9rence le jeudi \u00e0 11h10 avec Lionel Combet (ADEME) pour pr\u00e9senter ECRAINS\u00ae, \u00ab Engagement \u00e0 Construire Responsable pour un Air Int\u00e9rieur Sain \u00bb, une m\u00e9thode de management de la qualit\u00e9 de l\u2019air int\u00e9rieur d\u00e9velopp\u00e9e en partenariat avec l\u2019ADEME.<\/p>\n<p>Pour plus d&#8217;informations, contactez-nous sur&nbsp;<a href=\"mailto:burgeap@groupeginger.com\" target=\"_blank\" rel=\"alternate noopener noreferrer\">burgeap@groupeginger.com<\/a>.<\/p>\n","protected":false},"excerpt":{"rendered":"<p>Notre experte Sylvie Traverse intervient le jeudi 6 juin lors des journ\u00e9es Atmos&#8217;Fair,&nbsp;le congr\u00e8s annuel des acteurs de la qualit\u00e9 de l\u2019air dont le th\u00e8me cette ann\u00e9e est la pollution de l&#8217;air ext\u00e9rieur et int\u00e9rieur : interactions Air &#8211; Climat &#8211; Energie. Sylvie Traverse, notre experte qualit\u00e9 de l&#8217;air, donnera une conf\u00e9rence le jeudi \u00e0 11h10 avec Lionel Combet (ADEME) &#8230;<\/p>\n","protected":false},"author":2,"featured_media":3776,"comment_status":"closed","ping_status":"open","sticky":false,"template":"","format":"standard","meta":{"footnotes":""},"categories":[947,5],"tags":[],"class_list":["post-3773","post","type-post","status-publish","format-standard","has-post-thumbnail","hentry","category-actu","category-non-classifiee"],"acf":[],"yoast_head":"<!-- This site is optimized with the Yoast SEO Premium plugin v27.3 (Yoast SEO v27.4) - https:\/\/yoast.com\/product\/yoast-seo-premium-wordpress\/ -->\n<title>Nous pr\u00e9sentons lors des journ\u00e9es Atmos&#039;Fair 2019, ECRAINS\u00ae une m\u00e9thode de management de la qualit\u00e9 de l\u2019air int\u00e9rieur - Burgeap<\/title>\n<meta name=\"robots\" content=\"index, follow, max-snippet:-1, max-image-preview:large, max-video-preview:-1\" \/>\n<link rel=\"canonical\" href=\"https:\/\/www.ginger-burgeap.com\/en\/nous-presentons-lors-des-journees-atmosfair-ecrains-une-methode-de-management-de-la-qualite-de-lair-interieur\/\" \/>\n<meta property=\"og:locale\" content=\"en_US\" \/>\n<meta property=\"og:type\" content=\"article\" \/>\n<meta property=\"og:title\" content=\"Nous pr\u00e9sentons lors des journ\u00e9es Atmos&#039;Fair 2019, ECRAINS\u00ae une m\u00e9thode de management de la qualit\u00e9 de l\u2019air int\u00e9rieur\" \/>\n<meta property=\"og:description\" content=\"Notre experte Sylvie Traverse intervient le jeudi 6 juin lors des journ\u00e9es Atmos&#8217;Fair,&nbsp;le congr\u00e8s annuel des acteurs de la qualit\u00e9 de l\u2019air dont le th\u00e8me cette ann\u00e9e est la pollution de l&#8217;air ext\u00e9rieur et int\u00e9rieur : interactions Air &#8211; Climat &#8211; Energie. Sylvie Traverse, notre experte qualit\u00e9 de l&#8217;air, donnera une conf\u00e9rence le jeudi \u00e0 11h10 avec Lionel Combet (ADEME) ...\" \/>\n<meta property=\"og:url\" content=\"https:\/\/www.ginger-burgeap.com\/en\/nous-presentons-lors-des-journees-atmosfair-ecrains-une-methode-de-management-de-la-qualite-de-lair-interieur\/\" \/>\n<meta property=\"og:site_name\" content=\"Burgeap\" \/>\n<meta property=\"article:published_time\" content=\"2019-05-17T13:07:14+00:00\" \/>\n<meta property=\"article:modified_time\" content=\"2019-05-17T13:34:42+00:00\" \/>\n<meta property=\"og:image\" content=\"https:\/\/www.ginger-burgeap.com\/wp-content\/uploads\/2019\/05\/atmosfair_2019.jpg\" \/>\n\t<meta property=\"og:image:width\" content=\"500\" \/>\n\t<meta property=\"og:image:height\" content=\"388\" \/>\n\t<meta property=\"og:image:type\" content=\"image\/jpeg\" \/>\n<meta name=\"author\" content=\"Magali Malfugeon\" \/>\n<meta name=\"twitter:card\" content=\"summary_large_image\" \/>\n<meta name=\"twitter:label1\" content=\"Written by\" \/>\n\t<meta name=\"twitter:data1\" content=\"Magali Malfugeon\" \/>\n\t<meta name=\"twitter:label2\" content=\"Est. reading time\" \/>\n\t<meta name=\"twitter:data2\" content=\"1 minute\" \/>\n<script type=\"application\/ld+json\" class=\"yoast-schema-graph\">{\"@context\":\"https:\\\/\\\/schema.org\",\"@graph\":[{\"@type\":\"Article\",\"@id\":\"https:\\\/\\\/www.ginger-burgeap.com\\\/en\\\/nous-presentons-lors-des-journees-atmosfair-ecrains-une-methode-de-management-de-la-qualite-de-lair-interieur\\\/#article\",\"isPartOf\":{\"@id\":\"https:\\\/\\\/www.ginger-burgeap.com\\\/en\\\/nous-presentons-lors-des-journees-atmosfair-ecrains-une-methode-de-management-de-la-qualite-de-lair-interieur\\\/\"},\"author\":{\"name\":\"Magali Malfugeon\",\"@id\":\"https:\\\/\\\/www.ginger-burgeap.com\\\/en\\\/#\\\/schema\\\/person\\\/fbbbf12e9b4f3518d5730dcddf77a670\"},\"headline\":\"Nous pr\u00e9sentons lors des journ\u00e9es Atmos&#8217;Fair 2019, ECRAINS\u00ae une m\u00e9thode de management de la qualit\u00e9 de l\u2019air int\u00e9rieur\",\"datePublished\":\"2019-05-17T13:07:14+00:00\",\"dateModified\":\"2019-05-17T13:34:42+00:00\",\"mainEntityOfPage\":{\"@id\":\"https:\\\/\\\/www.ginger-burgeap.com\\\/en\\\/nous-presentons-lors-des-journees-atmosfair-ecrains-une-methode-de-management-de-la-qualite-de-lair-interieur\\\/\"},\"wordCount\":132,\"image\":{\"@id\":\"https:\\\/\\\/www.ginger-burgeap.com\\\/en\\\/nous-presentons-lors-des-journees-atmosfair-ecrains-une-methode-de-management-de-la-qualite-de-lair-interieur\\\/#primaryimage\"},\"thumbnailUrl\":\"https:\\\/\\\/www.ginger-burgeap.com\\\/wp-content\\\/uploads\\\/2019\\\/05\\\/atmosfair_2019.jpg\",\"articleSection\":[\"actualit\u00e9s\",\"Non classifi\u00e9(e)\"],\"inLanguage\":\"en-US\"},{\"@type\":\"WebPage\",\"@id\":\"https:\\\/\\\/www.ginger-burgeap.com\\\/en\\\/nous-presentons-lors-des-journees-atmosfair-ecrains-une-methode-de-management-de-la-qualite-de-lair-interieur\\\/\",\"url\":\"https:\\\/\\\/www.ginger-burgeap.com\\\/en\\\/nous-presentons-lors-des-journees-atmosfair-ecrains-une-methode-de-management-de-la-qualite-de-lair-interieur\\\/\",\"name\":\"Nous pr\u00e9sentons lors des journ\u00e9es Atmos'Fair 2019, ECRAINS\u00ae une m\u00e9thode de management de la qualit\u00e9 de l\u2019air int\u00e9rieur - Burgeap\",\"isPartOf\":{\"@id\":\"https:\\\/\\\/www.ginger-burgeap.com\\\/en\\\/#website\"},\"primaryImageOfPage\":{\"@id\":\"https:\\\/\\\/www.ginger-burgeap.com\\\/en\\\/nous-presentons-lors-des-journees-atmosfair-ecrains-une-methode-de-management-de-la-qualite-de-lair-interieur\\\/#primaryimage\"},\"image\":{\"@id\":\"https:\\\/\\\/www.ginger-burgeap.com\\\/en\\\/nous-presentons-lors-des-journees-atmosfair-ecrains-une-methode-de-management-de-la-qualite-de-lair-interieur\\\/#primaryimage\"},\"thumbnailUrl\":\"https:\\\/\\\/www.ginger-burgeap.com\\\/wp-content\\\/uploads\\\/2019\\\/05\\\/atmosfair_2019.jpg\",\"datePublished\":\"2019-05-17T13:07:14+00:00\",\"dateModified\":\"2019-05-17T13:34:42+00:00\",\"author\":{\"@id\":\"https:\\\/\\\/www.ginger-burgeap.com\\\/en\\\/#\\\/schema\\\/person\\\/fbbbf12e9b4f3518d5730dcddf77a670\"},\"breadcrumb\":{\"@id\":\"https:\\\/\\\/www.ginger-burgeap.com\\\/en\\\/nous-presentons-lors-des-journees-atmosfair-ecrains-une-methode-de-management-de-la-qualite-de-lair-interieur\\\/#breadcrumb\"},\"inLanguage\":\"en-US\",\"potentialAction\":[{\"@type\":\"ReadAction\",\"target\":[\"https:\\\/\\\/www.ginger-burgeap.com\\\/en\\\/nous-presentons-lors-des-journees-atmosfair-ecrains-une-methode-de-management-de-la-qualite-de-lair-interieur\\\/\"]}]},{\"@type\":\"ImageObject\",\"inLanguage\":\"en-US\",\"@id\":\"https:\\\/\\\/www.ginger-burgeap.com\\\/en\\\/nous-presentons-lors-des-journees-atmosfair-ecrains-une-methode-de-management-de-la-qualite-de-lair-interieur\\\/#primaryimage\",\"url\":\"https:\\\/\\\/www.ginger-burgeap.com\\\/wp-content\\\/uploads\\\/2019\\\/05\\\/atmosfair_2019.jpg\",\"contentUrl\":\"https:\\\/\\\/www.ginger-burgeap.com\\\/wp-content\\\/uploads\\\/2019\\\/05\\\/atmosfair_2019.jpg\",\"width\":500,\"height\":388},{\"@type\":\"BreadcrumbList\",\"@id\":\"https:\\\/\\\/www.ginger-burgeap.com\\\/en\\\/nous-presentons-lors-des-journees-atmosfair-ecrains-une-methode-de-management-de-la-qualite-de-lair-interieur\\\/#breadcrumb\",\"itemListElement\":[{\"@type\":\"ListItem\",\"position\":1,\"name\":\"Accueil\",\"item\":\"https:\\\/\\\/www.ginger-burgeap.com\\\/en\\\/\"},{\"@type\":\"ListItem\",\"position\":2,\"name\":\"Nous pr\u00e9sentons lors des journ\u00e9es Atmos&#8217;Fair 2019, ECRAINS\u00ae une m\u00e9thode de management de la qualit\u00e9 de l\u2019air int\u00e9rieur\"}]},{\"@type\":\"WebSite\",\"@id\":\"https:\\\/\\\/www.ginger-burgeap.com\\\/en\\\/#website\",\"url\":\"https:\\\/\\\/www.ginger-burgeap.com\\\/en\\\/\",\"name\":\"Burgeap\",\"description\":\"Bureau d&#039;\u00e9tudes sp\u00e9cialis\u00e9 en environnement\",\"potentialAction\":[{\"@type\":\"SearchAction\",\"target\":{\"@type\":\"EntryPoint\",\"urlTemplate\":\"https:\\\/\\\/www.ginger-burgeap.com\\\/en\\\/?s={search_term_string}\"},\"query-input\":{\"@type\":\"PropertyValueSpecification\",\"valueRequired\":true,\"valueName\":\"search_term_string\"}}],\"inLanguage\":\"en-US\"},{\"@type\":\"Person\",\"@id\":\"https:\\\/\\\/www.ginger-burgeap.com\\\/en\\\/#\\\/schema\\\/person\\\/fbbbf12e9b4f3518d5730dcddf77a670\",\"name\":\"Magali Malfugeon\",\"image\":{\"@type\":\"ImageObject\",\"inLanguage\":\"en-US\",\"@id\":\"https:\\\/\\\/secure.gravatar.com\\\/avatar\\\/7343ffc75c8910f6a297490aa13006b434703f69930f9e45cbc7818dc5700ee6?s=96&d=mm&r=g\",\"url\":\"https:\\\/\\\/secure.gravatar.com\\\/avatar\\\/7343ffc75c8910f6a297490aa13006b434703f69930f9e45cbc7818dc5700ee6?s=96&d=mm&r=g\",\"contentUrl\":\"https:\\\/\\\/secure.gravatar.com\\\/avatar\\\/7343ffc75c8910f6a297490aa13006b434703f69930f9e45cbc7818dc5700ee6?s=96&d=mm&r=g\",\"caption\":\"Magali Malfugeon\"},\"url\":\"https:\\\/\\\/www.ginger-burgeap.com\\\/en\\\/author\\\/magali_malfugeon\\\/\"}]}<\/script>\n<!-- \/ Yoast SEO Premium plugin. -->","yoast_head_json":{"title":"Nous pr\u00e9sentons lors des journ\u00e9es Atmos'Fair 2019, ECRAINS\u00ae une m\u00e9thode de management de la qualit\u00e9 de l\u2019air int\u00e9rieur - Burgeap","robots":{"index":"index","follow":"follow","max-snippet":"max-snippet:-1","max-image-preview":"max-image-preview:large","max-video-preview":"max-video-preview:-1"},"canonical":"https:\/\/www.ginger-burgeap.com\/en\/nous-presentons-lors-des-journees-atmosfair-ecrains-une-methode-de-management-de-la-qualite-de-lair-interieur\/","og_locale":"en_US","og_type":"article","og_title":"Nous pr\u00e9sentons lors des journ\u00e9es Atmos'Fair 2019, ECRAINS\u00ae une m\u00e9thode de management de la qualit\u00e9 de l\u2019air int\u00e9rieur","og_description":"Notre experte Sylvie Traverse intervient le jeudi 6 juin lors des journ\u00e9es Atmos&#8217;Fair,&nbsp;le congr\u00e8s annuel des acteurs de la qualit\u00e9 de l\u2019air dont le th\u00e8me cette ann\u00e9e est la pollution de l&#8217;air ext\u00e9rieur et int\u00e9rieur : interactions Air &#8211; Climat &#8211; Energie. Sylvie Traverse, notre experte qualit\u00e9 de l&#8217;air, donnera une conf\u00e9rence le jeudi \u00e0 11h10 avec Lionel Combet (ADEME) ...","og_url":"https:\/\/www.ginger-burgeap.com\/en\/nous-presentons-lors-des-journees-atmosfair-ecrains-une-methode-de-management-de-la-qualite-de-lair-interieur\/","og_site_name":"Burgeap","article_published_time":"2019-05-17T13:07:14+00:00","article_modified_time":"2019-05-17T13:34:42+00:00","og_image":[{"width":500,"height":388,"url":"https:\/\/www.ginger-burgeap.com\/wp-content\/uploads\/2019\/05\/atmosfair_2019.jpg","type":"image\/jpeg"}],"author":"Magali Malfugeon","twitter_card":"summary_large_image","twitter_misc":{"Written by":"Magali Malfugeon","Est. reading time":"1 minute"},"schema":{"@context":"https:\/\/schema.org","@graph":[{"@type":"Article","@id":"https:\/\/www.ginger-burgeap.com\/en\/nous-presentons-lors-des-journees-atmosfair-ecrains-une-methode-de-management-de-la-qualite-de-lair-interieur\/#article","isPartOf":{"@id":"https:\/\/www.ginger-burgeap.com\/en\/nous-presentons-lors-des-journees-atmosfair-ecrains-une-methode-de-management-de-la-qualite-de-lair-interieur\/"},"author":{"name":"Magali Malfugeon","@id":"https:\/\/www.ginger-burgeap.com\/en\/#\/schema\/person\/fbbbf12e9b4f3518d5730dcddf77a670"},"headline":"Nous pr\u00e9sentons lors des journ\u00e9es Atmos&#8217;Fair 2019, ECRAINS\u00ae une m\u00e9thode de management de la qualit\u00e9 de l\u2019air int\u00e9rieur","datePublished":"2019-05-17T13:07:14+00:00","dateModified":"2019-05-17T13:34:42+00:00","mainEntityOfPage":{"@id":"https:\/\/www.ginger-burgeap.com\/en\/nous-presentons-lors-des-journees-atmosfair-ecrains-une-methode-de-management-de-la-qualite-de-lair-interieur\/"},"wordCount":132,"image":{"@id":"https:\/\/www.ginger-burgeap.com\/en\/nous-presentons-lors-des-journees-atmosfair-ecrains-une-methode-de-management-de-la-qualite-de-lair-interieur\/#primaryimage"},"thumbnailUrl":"https:\/\/www.ginger-burgeap.com\/wp-content\/uploads\/2019\/05\/atmosfair_2019.jpg","articleSection":["actualit\u00e9s","Non classifi\u00e9(e)"],"inLanguage":"en-US"},{"@type":"WebPage","@id":"https:\/\/www.ginger-burgeap.com\/en\/nous-presentons-lors-des-journees-atmosfair-ecrains-une-methode-de-management-de-la-qualite-de-lair-interieur\/","url":"https:\/\/www.ginger-burgeap.com\/en\/nous-presentons-lors-des-journees-atmosfair-ecrains-une-methode-de-management-de-la-qualite-de-lair-interieur\/","name":"Nous pr\u00e9sentons lors des journ\u00e9es Atmos'Fair 2019, ECRAINS\u00ae une m\u00e9thode de management de la qualit\u00e9 de l\u2019air int\u00e9rieur - Burgeap","isPartOf":{"@id":"https:\/\/www.ginger-burgeap.com\/en\/#website"},"primaryImageOfPage":{"@id":"https:\/\/www.ginger-burgeap.com\/en\/nous-presentons-lors-des-journees-atmosfair-ecrains-une-methode-de-management-de-la-qualite-de-lair-interieur\/#primaryimage"},"image":{"@id":"https:\/\/www.ginger-burgeap.com\/en\/nous-presentons-lors-des-journees-atmosfair-ecrains-une-methode-de-management-de-la-qualite-de-lair-interieur\/#primaryimage"},"thumbnailUrl":"https:\/\/www.ginger-burgeap.com\/wp-content\/uploads\/2019\/05\/atmosfair_2019.jpg","datePublished":"2019-05-17T13:07:14+00:00","dateModified":"2019-05-17T13:34:42+00:00","author":{"@id":"https:\/\/www.ginger-burgeap.com\/en\/#\/schema\/person\/fbbbf12e9b4f3518d5730dcddf77a670"},"breadcrumb":{"@id":"https:\/\/www.ginger-burgeap.com\/en\/nous-presentons-lors-des-journees-atmosfair-ecrains-une-methode-de-management-de-la-qualite-de-lair-interieur\/#breadcrumb"},"inLanguage":"en-US","potentialAction":[{"@type":"ReadAction","target":["https:\/\/www.ginger-burgeap.com\/en\/nous-presentons-lors-des-journees-atmosfair-ecrains-une-methode-de-management-de-la-qualite-de-lair-interieur\/"]}]},{"@type":"ImageObject","inLanguage":"en-US","@id":"https:\/\/www.ginger-burgeap.com\/en\/nous-presentons-lors-des-journees-atmosfair-ecrains-une-methode-de-management-de-la-qualite-de-lair-interieur\/#primaryimage","url":"https:\/\/www.ginger-burgeap.com\/wp-content\/uploads\/2019\/05\/atmosfair_2019.jpg","contentUrl":"https:\/\/www.ginger-burgeap.com\/wp-content\/uploads\/2019\/05\/atmosfair_2019.jpg","width":500,"height":388},{"@type":"BreadcrumbList","@id":"https:\/\/www.ginger-burgeap.com\/en\/nous-presentons-lors-des-journees-atmosfair-ecrains-une-methode-de-management-de-la-qualite-de-lair-interieur\/#breadcrumb","itemListElement":[{"@type":"ListItem","position":1,"name":"Accueil","item":"https:\/\/www.ginger-burgeap.com\/en\/"},{"@type":"ListItem","position":2,"name":"Nous pr\u00e9sentons lors des journ\u00e9es Atmos&#8217;Fair 2019, ECRAINS\u00ae une m\u00e9thode de management de la qualit\u00e9 de l\u2019air int\u00e9rieur"}]},{"@type":"WebSite","@id":"https:\/\/www.ginger-burgeap.com\/en\/#website","url":"https:\/\/www.ginger-burgeap.com\/en\/","name":"Burgeap","description":"Bureau d&#039;\u00e9tudes sp\u00e9cialis\u00e9 en environnement","potentialAction":[{"@type":"SearchAction","target":{"@type":"EntryPoint","urlTemplate":"https:\/\/www.ginger-burgeap.com\/en\/?s={search_term_string}"},"query-input":{"@type":"PropertyValueSpecification","valueRequired":true,"valueName":"search_term_string"}}],"inLanguage":"en-US"},{"@type":"Person","@id":"https:\/\/www.ginger-burgeap.com\/en\/#\/schema\/person\/fbbbf12e9b4f3518d5730dcddf77a670","name":"Magali Malfugeon","image":{"@type":"ImageObject","inLanguage":"en-US","@id":"https:\/\/secure.gravatar.com\/avatar\/7343ffc75c8910f6a297490aa13006b434703f69930f9e45cbc7818dc5700ee6?s=96&d=mm&r=g","url":"https:\/\/secure.gravatar.com\/avatar\/7343ffc75c8910f6a297490aa13006b434703f69930f9e45cbc7818dc5700ee6?s=96&d=mm&r=g","contentUrl":"https:\/\/secure.gravatar.com\/avatar\/7343ffc75c8910f6a297490aa13006b434703f69930f9e45cbc7818dc5700ee6?s=96&d=mm&r=g","caption":"Magali Malfugeon"},"url":"https:\/\/www.ginger-burgeap.com\/en\/author\/magali_malfugeon\/"}]}},"_links":{"self":[{"href":"https:\/\/www.ginger-burgeap.com\/en\/wp-json\/wp\/v2\/posts\/3773","targetHints":{"allow":["GET"]}}],"collection":[{"href":"https:\/\/www.ginger-burgeap.com\/en\/wp-json\/wp\/v2\/posts"}],"about":[{"href":"https:\/\/www.ginger-burgeap.com\/en\/wp-json\/wp\/v2\/types\/post"}],"author":[{"embeddable":true,"href":"https:\/\/www.ginger-burgeap.com\/en\/wp-json\/wp\/v2\/users\/2"}],"replies":[{"embeddable":true,"href":"https:\/\/www.ginger-burgeap.com\/en\/wp-json\/wp\/v2\/comments?post=3773"}],"version-history":[{"count":3,"href":"https:\/\/www.ginger-burgeap.com\/en\/wp-json\/wp\/v2\/posts\/3773\/revisions"}],"predecessor-version":[{"id":3778,"href":"https:\/\/www.ginger-burgeap.com\/en\/wp-json\/wp\/v2\/posts\/3773\/revisions\/3778"}],"wp:featuredmedia":[{"embeddable":true,"href":"https:\/\/www.ginger-burgeap.com\/en\/wp-json\/wp\/v2\/media\/3776"}],"wp:attachment":[{"href":"https:\/\/www.ginger-burgeap.com\/en\/wp-json\/wp\/v2\/media?parent=3773"}],"wp:term":[{"taxonomy":"category","embeddable":true,"href":"https:\/\/www.ginger-burgeap.com\/en\/wp-json\/wp\/v2\/categories?post=3773"},{"taxonomy":"post_tag","embeddable":true,"href":"https:\/\/www.ginger-burgeap.com\/en\/wp-json\/wp\/v2\/tags?post=3773"}],"curies":[{"name":"wp","href":"https:\/\/api.w.org\/{rel}","templated":true}]}}