{"id":4357,"date":"2020-03-04T14:42:12","date_gmt":"2020-03-04T13:42:12","guid":{"rendered":"https:\/\/www.burgeap.fr\/?p=4357"},"modified":"2020-03-04T14:45:18","modified_gmt":"2020-03-04T13:45:18","slug":"matinale-sur-la-reconversion-des-sites-industriels-a-tours","status":"publish","type":"post","link":"https:\/\/www.ginger-burgeap.com\/en\/matinale-sur-la-reconversion-des-sites-industriels-a-tours\/","title":{"rendered":"Matinale sur la reconversion des sites industriels \u00e0 Tours"},"content":{"rendered":"<p>Nous vous donnons rendez-vous le mardi 31 mars au Novotel de Tours pour participer \u00e0 un petit-d\u00e9jeuner sur la th\u00e9matique \u00abReconversion de sites industriels : actualit\u00e9s et r\u00e9flexes\u00bb.<\/p>\n<p>Professionnels de l&#8217;industrie, de l&#8217;immobilier et de l&#8217;environnement, cette rencontre vous permettra de mettre \u00e0 jour vos connaissances et vos r\u00e9flexes pour ma\u00eetriser vos projets de renouvellement urbain et \u00e9conomique. Seront principalement \u00e9voqu\u00e9s l\u2019adoption des Secteurs d\u2019Information sur les Sols (impacts sur la gestion fonci\u00e8re et les projets immobiliers, Attestations et certifications des bureaux d\u2019\u00e9tudes) et le d\u00e9veloppement du m\u00e9canisme de \u00ab tiers demandeur \u00bb (qui conduit \u00e0 devenir officiellement responsable de la r\u00e9alisation de travaux de r\u00e9habilitation d&#8217;une installation class\u00e9e en substitution du dernier exploitant).<\/p>\n<p>Vous \u00eates int\u00e9ress\u00e9s par ce sujet ? Vous souhaitez rencontrer nos experts ? N&#8217;h\u00e9sitez pas \u00e0 <a href=\"mailto:burgeap@groupeginger.com\">contactez notre agence de Tours<\/a> pour toutes informations.<\/p>\n","protected":false},"excerpt":{"rendered":"<p>Nous vous donnons rendez-vous le mardi 31 mars au Novotel de Tours pour participer \u00e0 un petit-d\u00e9jeuner sur la th\u00e9matique \u00abReconversion de sites industriels : actualit\u00e9s et r\u00e9flexes\u00bb. Professionnels de l&#8217;industrie, de l&#8217;immobilier et de l&#8217;environnement, cette rencontre vous permettra de mettre \u00e0 jour vos connaissances et vos r\u00e9flexes pour ma\u00eetriser vos projets de renouvellement urbain et \u00e9conomique. Seront principalement &#8230;<\/p>\n","protected":false},"author":2,"featured_media":4359,"comment_status":"closed","ping_status":"open","sticky":false,"template":"","format":"standard","meta":{"footnotes":""},"categories":[947,5],"tags":[],"class_list":["post-4357","post","type-post","status-publish","format-standard","has-post-thumbnail","hentry","category-actu","category-non-classifiee"],"acf":[],"yoast_head":"<!-- This site is optimized with the Yoast SEO Premium plugin v27.3 (Yoast SEO v27.4) - https:\/\/yoast.com\/product\/yoast-seo-premium-wordpress\/ -->\n<title>Matinale sur la reconversion des sites industriels \u00e0 Tours - Burgeap<\/title>\n<meta name=\"description\" content=\"Notre agence de Tours organise un petit d\u00e9jeuner th\u00e9matique le 31 mars sur la reconversion des sites industriels. Inscrivez-vous !\" \/>\n<meta name=\"robots\" content=\"index, follow, max-snippet:-1, max-image-preview:large, max-video-preview:-1\" \/>\n<link rel=\"canonical\" href=\"https:\/\/www.ginger-burgeap.com\/en\/matinale-sur-la-reconversion-des-sites-industriels-a-tours\/\" \/>\n<meta property=\"og:locale\" content=\"en_US\" \/>\n<meta property=\"og:type\" content=\"article\" \/>\n<meta property=\"og:title\" content=\"Matinale sur la reconversion des sites industriels \u00e0 Tours\" \/>\n<meta property=\"og:description\" content=\"Notre agence de Tours organise un petit d\u00e9jeuner th\u00e9matique le 31 mars sur la reconversion des sites industriels. Inscrivez-vous !\" \/>\n<meta property=\"og:url\" content=\"https:\/\/www.ginger-burgeap.com\/en\/matinale-sur-la-reconversion-des-sites-industriels-a-tours\/\" \/>\n<meta property=\"og:site_name\" content=\"Burgeap\" \/>\n<meta property=\"article:published_time\" content=\"2020-03-04T13:42:12+00:00\" \/>\n<meta property=\"article:modified_time\" content=\"2020-03-04T13:45:18+00:00\" \/>\n<meta property=\"og:image\" content=\"https:\/\/www.ginger-burgeap.com\/wp-content\/uploads\/2020\/03\/dej_31_mars.jpg\" \/>\n\t<meta property=\"og:image:width\" content=\"705\" \/>\n\t<meta property=\"og:image:height\" content=\"573\" \/>\n\t<meta property=\"og:image:type\" content=\"image\/jpeg\" \/>\n<meta name=\"author\" content=\"Magali Malfugeon\" \/>\n<meta name=\"twitter:card\" content=\"summary_large_image\" \/>\n<meta name=\"twitter:label1\" content=\"Written by\" \/>\n\t<meta name=\"twitter:data1\" content=\"Magali Malfugeon\" \/>\n\t<meta name=\"twitter:label2\" content=\"Est. reading time\" \/>\n\t<meta name=\"twitter:data2\" content=\"1 minute\" \/>\n<script type=\"application\/ld+json\" class=\"yoast-schema-graph\">{\"@context\":\"https:\\\/\\\/schema.org\",\"@graph\":[{\"@type\":\"Article\",\"@id\":\"https:\\\/\\\/www.ginger-burgeap.com\\\/en\\\/matinale-sur-la-reconversion-des-sites-industriels-a-tours\\\/#article\",\"isPartOf\":{\"@id\":\"https:\\\/\\\/www.ginger-burgeap.com\\\/en\\\/matinale-sur-la-reconversion-des-sites-industriels-a-tours\\\/\"},\"author\":{\"name\":\"Magali Malfugeon\",\"@id\":\"https:\\\/\\\/www.ginger-burgeap.com\\\/en\\\/#\\\/schema\\\/person\\\/fbbbf12e9b4f3518d5730dcddf77a670\"},\"headline\":\"Matinale sur la reconversion des sites industriels \u00e0 Tours\",\"datePublished\":\"2020-03-04T13:42:12+00:00\",\"dateModified\":\"2020-03-04T13:45:18+00:00\",\"mainEntityOfPage\":{\"@id\":\"https:\\\/\\\/www.ginger-burgeap.com\\\/en\\\/matinale-sur-la-reconversion-des-sites-industriels-a-tours\\\/\"},\"wordCount\":155,\"image\":{\"@id\":\"https:\\\/\\\/www.ginger-burgeap.com\\\/en\\\/matinale-sur-la-reconversion-des-sites-industriels-a-tours\\\/#primaryimage\"},\"thumbnailUrl\":\"https:\\\/\\\/www.ginger-burgeap.com\\\/wp-content\\\/uploads\\\/2020\\\/03\\\/dej_31_mars.jpg\",\"articleSection\":[\"actualit\u00e9s\",\"Non classifi\u00e9(e)\"],\"inLanguage\":\"en-US\"},{\"@type\":\"WebPage\",\"@id\":\"https:\\\/\\\/www.ginger-burgeap.com\\\/en\\\/matinale-sur-la-reconversion-des-sites-industriels-a-tours\\\/\",\"url\":\"https:\\\/\\\/www.ginger-burgeap.com\\\/en\\\/matinale-sur-la-reconversion-des-sites-industriels-a-tours\\\/\",\"name\":\"Matinale sur la reconversion des sites industriels \u00e0 Tours - Burgeap\",\"isPartOf\":{\"@id\":\"https:\\\/\\\/www.ginger-burgeap.com\\\/en\\\/#website\"},\"primaryImageOfPage\":{\"@id\":\"https:\\\/\\\/www.ginger-burgeap.com\\\/en\\\/matinale-sur-la-reconversion-des-sites-industriels-a-tours\\\/#primaryimage\"},\"image\":{\"@id\":\"https:\\\/\\\/www.ginger-burgeap.com\\\/en\\\/matinale-sur-la-reconversion-des-sites-industriels-a-tours\\\/#primaryimage\"},\"thumbnailUrl\":\"https:\\\/\\\/www.ginger-burgeap.com\\\/wp-content\\\/uploads\\\/2020\\\/03\\\/dej_31_mars.jpg\",\"datePublished\":\"2020-03-04T13:42:12+00:00\",\"dateModified\":\"2020-03-04T13:45:18+00:00\",\"author\":{\"@id\":\"https:\\\/\\\/www.ginger-burgeap.com\\\/en\\\/#\\\/schema\\\/person\\\/fbbbf12e9b4f3518d5730dcddf77a670\"},\"description\":\"Notre agence de Tours organise un petit d\u00e9jeuner th\u00e9matique le 31 mars sur la reconversion des sites industriels. Inscrivez-vous !\",\"breadcrumb\":{\"@id\":\"https:\\\/\\\/www.ginger-burgeap.com\\\/en\\\/matinale-sur-la-reconversion-des-sites-industriels-a-tours\\\/#breadcrumb\"},\"inLanguage\":\"en-US\",\"potentialAction\":[{\"@type\":\"ReadAction\",\"target\":[\"https:\\\/\\\/www.ginger-burgeap.com\\\/en\\\/matinale-sur-la-reconversion-des-sites-industriels-a-tours\\\/\"]}]},{\"@type\":\"ImageObject\",\"inLanguage\":\"en-US\",\"@id\":\"https:\\\/\\\/www.ginger-burgeap.com\\\/en\\\/matinale-sur-la-reconversion-des-sites-industriels-a-tours\\\/#primaryimage\",\"url\":\"https:\\\/\\\/www.ginger-burgeap.com\\\/wp-content\\\/uploads\\\/2020\\\/03\\\/dej_31_mars.jpg\",\"contentUrl\":\"https:\\\/\\\/www.ginger-burgeap.com\\\/wp-content\\\/uploads\\\/2020\\\/03\\\/dej_31_mars.jpg\",\"width\":705,\"height\":573},{\"@type\":\"BreadcrumbList\",\"@id\":\"https:\\\/\\\/www.ginger-burgeap.com\\\/en\\\/matinale-sur-la-reconversion-des-sites-industriels-a-tours\\\/#breadcrumb\",\"itemListElement\":[{\"@type\":\"ListItem\",\"position\":1,\"name\":\"Accueil\",\"item\":\"https:\\\/\\\/www.ginger-burgeap.com\\\/en\\\/\"},{\"@type\":\"ListItem\",\"position\":2,\"name\":\"Matinale sur la reconversion des sites industriels \u00e0 Tours\"}]},{\"@type\":\"WebSite\",\"@id\":\"https:\\\/\\\/www.ginger-burgeap.com\\\/en\\\/#website\",\"url\":\"https:\\\/\\\/www.ginger-burgeap.com\\\/en\\\/\",\"name\":\"Burgeap\",\"description\":\"Bureau d&#039;\u00e9tudes sp\u00e9cialis\u00e9 en environnement\",\"potentialAction\":[{\"@type\":\"SearchAction\",\"target\":{\"@type\":\"EntryPoint\",\"urlTemplate\":\"https:\\\/\\\/www.ginger-burgeap.com\\\/en\\\/?s={search_term_string}\"},\"query-input\":{\"@type\":\"PropertyValueSpecification\",\"valueRequired\":true,\"valueName\":\"search_term_string\"}}],\"inLanguage\":\"en-US\"},{\"@type\":\"Person\",\"@id\":\"https:\\\/\\\/www.ginger-burgeap.com\\\/en\\\/#\\\/schema\\\/person\\\/fbbbf12e9b4f3518d5730dcddf77a670\",\"name\":\"Magali Malfugeon\",\"image\":{\"@type\":\"ImageObject\",\"inLanguage\":\"en-US\",\"@id\":\"https:\\\/\\\/secure.gravatar.com\\\/avatar\\\/7343ffc75c8910f6a297490aa13006b434703f69930f9e45cbc7818dc5700ee6?s=96&d=mm&r=g\",\"url\":\"https:\\\/\\\/secure.gravatar.com\\\/avatar\\\/7343ffc75c8910f6a297490aa13006b434703f69930f9e45cbc7818dc5700ee6?s=96&d=mm&r=g\",\"contentUrl\":\"https:\\\/\\\/secure.gravatar.com\\\/avatar\\\/7343ffc75c8910f6a297490aa13006b434703f69930f9e45cbc7818dc5700ee6?s=96&d=mm&r=g\",\"caption\":\"Magali Malfugeon\"},\"url\":\"https:\\\/\\\/www.ginger-burgeap.com\\\/en\\\/author\\\/magali_malfugeon\\\/\"}]}<\/script>\n<!-- \/ Yoast SEO Premium plugin. -->","yoast_head_json":{"title":"Matinale sur la reconversion des sites industriels \u00e0 Tours - Burgeap","description":"Notre agence de Tours organise un petit d\u00e9jeuner th\u00e9matique le 31 mars sur la reconversion des sites industriels. Inscrivez-vous !","robots":{"index":"index","follow":"follow","max-snippet":"max-snippet:-1","max-image-preview":"max-image-preview:large","max-video-preview":"max-video-preview:-1"},"canonical":"https:\/\/www.ginger-burgeap.com\/en\/matinale-sur-la-reconversion-des-sites-industriels-a-tours\/","og_locale":"en_US","og_type":"article","og_title":"Matinale sur la reconversion des sites industriels \u00e0 Tours","og_description":"Notre agence de Tours organise un petit d\u00e9jeuner th\u00e9matique le 31 mars sur la reconversion des sites industriels. Inscrivez-vous !","og_url":"https:\/\/www.ginger-burgeap.com\/en\/matinale-sur-la-reconversion-des-sites-industriels-a-tours\/","og_site_name":"Burgeap","article_published_time":"2020-03-04T13:42:12+00:00","article_modified_time":"2020-03-04T13:45:18+00:00","og_image":[{"width":705,"height":573,"url":"https:\/\/www.ginger-burgeap.com\/wp-content\/uploads\/2020\/03\/dej_31_mars.jpg","type":"image\/jpeg"}],"author":"Magali Malfugeon","twitter_card":"summary_large_image","twitter_misc":{"Written by":"Magali Malfugeon","Est. reading time":"1 minute"},"schema":{"@context":"https:\/\/schema.org","@graph":[{"@type":"Article","@id":"https:\/\/www.ginger-burgeap.com\/en\/matinale-sur-la-reconversion-des-sites-industriels-a-tours\/#article","isPartOf":{"@id":"https:\/\/www.ginger-burgeap.com\/en\/matinale-sur-la-reconversion-des-sites-industriels-a-tours\/"},"author":{"name":"Magali Malfugeon","@id":"https:\/\/www.ginger-burgeap.com\/en\/#\/schema\/person\/fbbbf12e9b4f3518d5730dcddf77a670"},"headline":"Matinale sur la reconversion des sites industriels \u00e0 Tours","datePublished":"2020-03-04T13:42:12+00:00","dateModified":"2020-03-04T13:45:18+00:00","mainEntityOfPage":{"@id":"https:\/\/www.ginger-burgeap.com\/en\/matinale-sur-la-reconversion-des-sites-industriels-a-tours\/"},"wordCount":155,"image":{"@id":"https:\/\/www.ginger-burgeap.com\/en\/matinale-sur-la-reconversion-des-sites-industriels-a-tours\/#primaryimage"},"thumbnailUrl":"https:\/\/www.ginger-burgeap.com\/wp-content\/uploads\/2020\/03\/dej_31_mars.jpg","articleSection":["actualit\u00e9s","Non classifi\u00e9(e)"],"inLanguage":"en-US"},{"@type":"WebPage","@id":"https:\/\/www.ginger-burgeap.com\/en\/matinale-sur-la-reconversion-des-sites-industriels-a-tours\/","url":"https:\/\/www.ginger-burgeap.com\/en\/matinale-sur-la-reconversion-des-sites-industriels-a-tours\/","name":"Matinale sur la reconversion des sites industriels \u00e0 Tours - Burgeap","isPartOf":{"@id":"https:\/\/www.ginger-burgeap.com\/en\/#website"},"primaryImageOfPage":{"@id":"https:\/\/www.ginger-burgeap.com\/en\/matinale-sur-la-reconversion-des-sites-industriels-a-tours\/#primaryimage"},"image":{"@id":"https:\/\/www.ginger-burgeap.com\/en\/matinale-sur-la-reconversion-des-sites-industriels-a-tours\/#primaryimage"},"thumbnailUrl":"https:\/\/www.ginger-burgeap.com\/wp-content\/uploads\/2020\/03\/dej_31_mars.jpg","datePublished":"2020-03-04T13:42:12+00:00","dateModified":"2020-03-04T13:45:18+00:00","author":{"@id":"https:\/\/www.ginger-burgeap.com\/en\/#\/schema\/person\/fbbbf12e9b4f3518d5730dcddf77a670"},"description":"Notre agence de Tours organise un petit d\u00e9jeuner th\u00e9matique le 31 mars sur la reconversion des sites industriels. Inscrivez-vous !","breadcrumb":{"@id":"https:\/\/www.ginger-burgeap.com\/en\/matinale-sur-la-reconversion-des-sites-industriels-a-tours\/#breadcrumb"},"inLanguage":"en-US","potentialAction":[{"@type":"ReadAction","target":["https:\/\/www.ginger-burgeap.com\/en\/matinale-sur-la-reconversion-des-sites-industriels-a-tours\/"]}]},{"@type":"ImageObject","inLanguage":"en-US","@id":"https:\/\/www.ginger-burgeap.com\/en\/matinale-sur-la-reconversion-des-sites-industriels-a-tours\/#primaryimage","url":"https:\/\/www.ginger-burgeap.com\/wp-content\/uploads\/2020\/03\/dej_31_mars.jpg","contentUrl":"https:\/\/www.ginger-burgeap.com\/wp-content\/uploads\/2020\/03\/dej_31_mars.jpg","width":705,"height":573},{"@type":"BreadcrumbList","@id":"https:\/\/www.ginger-burgeap.com\/en\/matinale-sur-la-reconversion-des-sites-industriels-a-tours\/#breadcrumb","itemListElement":[{"@type":"ListItem","position":1,"name":"Accueil","item":"https:\/\/www.ginger-burgeap.com\/en\/"},{"@type":"ListItem","position":2,"name":"Matinale sur la reconversion des sites industriels \u00e0 Tours"}]},{"@type":"WebSite","@id":"https:\/\/www.ginger-burgeap.com\/en\/#website","url":"https:\/\/www.ginger-burgeap.com\/en\/","name":"Burgeap","description":"Bureau d&#039;\u00e9tudes sp\u00e9cialis\u00e9 en environnement","potentialAction":[{"@type":"SearchAction","target":{"@type":"EntryPoint","urlTemplate":"https:\/\/www.ginger-burgeap.com\/en\/?s={search_term_string}"},"query-input":{"@type":"PropertyValueSpecification","valueRequired":true,"valueName":"search_term_string"}}],"inLanguage":"en-US"},{"@type":"Person","@id":"https:\/\/www.ginger-burgeap.com\/en\/#\/schema\/person\/fbbbf12e9b4f3518d5730dcddf77a670","name":"Magali Malfugeon","image":{"@type":"ImageObject","inLanguage":"en-US","@id":"https:\/\/secure.gravatar.com\/avatar\/7343ffc75c8910f6a297490aa13006b434703f69930f9e45cbc7818dc5700ee6?s=96&d=mm&r=g","url":"https:\/\/secure.gravatar.com\/avatar\/7343ffc75c8910f6a297490aa13006b434703f69930f9e45cbc7818dc5700ee6?s=96&d=mm&r=g","contentUrl":"https:\/\/secure.gravatar.com\/avatar\/7343ffc75c8910f6a297490aa13006b434703f69930f9e45cbc7818dc5700ee6?s=96&d=mm&r=g","caption":"Magali Malfugeon"},"url":"https:\/\/www.ginger-burgeap.com\/en\/author\/magali_malfugeon\/"}]}},"_links":{"self":[{"href":"https:\/\/www.ginger-burgeap.com\/en\/wp-json\/wp\/v2\/posts\/4357","targetHints":{"allow":["GET"]}}],"collection":[{"href":"https:\/\/www.ginger-burgeap.com\/en\/wp-json\/wp\/v2\/posts"}],"about":[{"href":"https:\/\/www.ginger-burgeap.com\/en\/wp-json\/wp\/v2\/types\/post"}],"author":[{"embeddable":true,"href":"https:\/\/www.ginger-burgeap.com\/en\/wp-json\/wp\/v2\/users\/2"}],"replies":[{"embeddable":true,"href":"https:\/\/www.ginger-burgeap.com\/en\/wp-json\/wp\/v2\/comments?post=4357"}],"version-history":[{"count":1,"href":"https:\/\/www.ginger-burgeap.com\/en\/wp-json\/wp\/v2\/posts\/4357\/revisions"}],"predecessor-version":[{"id":4358,"href":"https:\/\/www.ginger-burgeap.com\/en\/wp-json\/wp\/v2\/posts\/4357\/revisions\/4358"}],"wp:featuredmedia":[{"embeddable":true,"href":"https:\/\/www.ginger-burgeap.com\/en\/wp-json\/wp\/v2\/media\/4359"}],"wp:attachment":[{"href":"https:\/\/www.ginger-burgeap.com\/en\/wp-json\/wp\/v2\/media?parent=4357"}],"wp:term":[{"taxonomy":"category","embeddable":true,"href":"https:\/\/www.ginger-burgeap.com\/en\/wp-json\/wp\/v2\/categories?post=4357"},{"taxonomy":"post_tag","embeddable":true,"href":"https:\/\/www.ginger-burgeap.com\/en\/wp-json\/wp\/v2\/tags?post=4357"}],"curies":[{"name":"wp","href":"https:\/\/api.w.org\/{rel}","templated":true}]}}