{"id":5616,"date":"2023-03-14T15:23:48","date_gmt":"2023-03-14T14:23:48","guid":{"rendered":"https:\/\/www.ginger-burgeap.com\/?p=5616"},"modified":"2023-03-14T15:23:49","modified_gmt":"2023-03-14T14:23:49","slug":"venez-nous-rencontrer-au-green-business-forum-le-30-mars-a-lievin","status":"publish","type":"post","link":"https:\/\/www.ginger-burgeap.com\/en\/venez-nous-rencontrer-au-green-business-forum-le-30-mars-a-lievin\/","title":{"rendered":"Venez nous rencontrer au Green Business Forum le 30 mars \u00e0 Li\u00e9vin"},"content":{"rendered":"\n<div class=\"wp-block-columns is-layout-flex wp-container-core-columns-is-layout-9d6595d7 wp-block-columns-is-layout-flex\">\n<div class=\"wp-block-column is-layout-flow wp-block-column-is-layout-flow\" style=\"flex-basis:100%\">\n<div class=\"wp-block-columns is-layout-flex wp-container-core-columns-is-layout-9d6595d7 wp-block-columns-is-layout-flex\">\n<div class=\"wp-block-column is-layout-flow wp-block-column-is-layout-flow\" style=\"flex-basis:100%\">\n<p><br><\/p>\n\n\n\n<p>Nos \u00e9quipes de Ginger BURGEAP seront pr\u00e9sentes lors du Green Business Forum &#8211; Arena Stade Couvert pour \u00e9changer sur les solutions concr\u00e8tes en termes de performance \u00e9nerg\u00e9tique des b\u00e2timents, d&#8217;\u00e9nergies renouvelables, de pr\u00e9servation des ressources, d&#8217;\u00e9conomie circulaire. Retrouvez le 30 mars Estelle LEBLEU et Oriana LIM FAT sur notre stand au Stade Couvert R\u00e9gional de Li\u00e9vin.<\/p>\n\n\n\n<p>Pour vous inscrire : <a href=\"https:\/\/green-business-forum.com\/\">https:\/\/green-business-forum.com\/<\/a><\/p>\n<\/div>\n<\/div>\n<\/div>\n<\/div>\n\n\n\n<p> <\/p>\n","protected":false},"excerpt":{"rendered":"<p>Ginger et INSAVALOR-PROVADEMSE signent une convention-cadre de collaboration concernant les \u00e9tudes et les essais en laboratoire dans les domaines de la gestion des sites et sols pollu\u00e9s, des s\u00e9diments, des d\u00e9chets et des mat\u00e9riaux bas carbone.<\/p>\n","protected":false},"author":9,"featured_media":5617,"comment_status":"closed","ping_status":"open","sticky":false,"template":"","format":"standard","meta":{"footnotes":""},"categories":[947],"tags":[],"class_list":["post-5616","post","type-post","status-publish","format-standard","has-post-thumbnail","hentry","category-actu"],"acf":[],"yoast_head":"<!-- This site is optimized with the Yoast SEO Premium plugin v27.3 (Yoast SEO v27.5) - https:\/\/yoast.com\/product\/yoast-seo-premium-wordpress\/ -->\n<title>Venez nous rencontrer au Green Business Forum le 30 mars \u00e0 Li\u00e9vin - Burgeap<\/title>\n<meta name=\"robots\" content=\"index, follow, max-snippet:-1, max-image-preview:large, max-video-preview:-1\" \/>\n<link rel=\"canonical\" href=\"https:\/\/www.ginger-burgeap.com\/en\/venez-nous-rencontrer-au-green-business-forum-le-30-mars-a-lievin\/\" \/>\n<meta property=\"og:locale\" content=\"en_US\" \/>\n<meta property=\"og:type\" content=\"article\" \/>\n<meta property=\"og:title\" content=\"Venez nous rencontrer au Green Business Forum le 30 mars \u00e0 Li\u00e9vin\" \/>\n<meta property=\"og:description\" content=\"Ginger et INSAVALOR-PROVADEMSE signent une convention-cadre de collaboration concernant les \u00e9tudes et les essais en laboratoire dans les domaines de la gestion des sites et sols pollu\u00e9s, des s\u00e9diments, des d\u00e9chets et des mat\u00e9riaux bas carbone.\" \/>\n<meta property=\"og:url\" content=\"https:\/\/www.ginger-burgeap.com\/en\/venez-nous-rencontrer-au-green-business-forum-le-30-mars-a-lievin\/\" \/>\n<meta property=\"og:site_name\" content=\"Burgeap\" \/>\n<meta property=\"article:published_time\" content=\"2023-03-14T14:23:48+00:00\" \/>\n<meta property=\"article:modified_time\" content=\"2023-03-14T14:23:49+00:00\" \/>\n<meta property=\"og:image\" content=\"https:\/\/www.ginger-burgeap.com\/wp-content\/uploads\/2023\/03\/green-business.jpg\" \/>\n\t<meta property=\"og:image:width\" content=\"1200\" \/>\n\t<meta property=\"og:image:height\" content=\"1200\" \/>\n\t<meta property=\"og:image:type\" content=\"image\/jpeg\" \/>\n<meta name=\"author\" content=\"Aur\u00e9lie Mehl\" \/>\n<meta name=\"twitter:card\" content=\"summary_large_image\" \/>\n<meta name=\"twitter:label1\" content=\"Written by\" \/>\n\t<meta name=\"twitter:data1\" content=\"Aur\u00e9lie Mehl\" \/>\n<script type=\"application\/ld+json\" class=\"yoast-schema-graph\">{\"@context\":\"https:\\\/\\\/schema.org\",\"@graph\":[{\"@type\":\"Article\",\"@id\":\"https:\\\/\\\/www.ginger-burgeap.com\\\/en\\\/venez-nous-rencontrer-au-green-business-forum-le-30-mars-a-lievin\\\/#article\",\"isPartOf\":{\"@id\":\"https:\\\/\\\/www.ginger-burgeap.com\\\/en\\\/venez-nous-rencontrer-au-green-business-forum-le-30-mars-a-lievin\\\/\"},\"author\":{\"name\":\"Aur\u00e9lie Mehl\",\"@id\":\"https:\\\/\\\/www.ginger-burgeap.com\\\/en\\\/#\\\/schema\\\/person\\\/11e84a977fd4c15ab3d162944ca55fc4\"},\"headline\":\"Venez nous rencontrer au Green Business Forum le 30 mars \u00e0 Li\u00e9vin\",\"datePublished\":\"2023-03-14T14:23:48+00:00\",\"dateModified\":\"2023-03-14T14:23:49+00:00\",\"mainEntityOfPage\":{\"@id\":\"https:\\\/\\\/www.ginger-burgeap.com\\\/en\\\/venez-nous-rencontrer-au-green-business-forum-le-30-mars-a-lievin\\\/\"},\"wordCount\":81,\"image\":{\"@id\":\"https:\\\/\\\/www.ginger-burgeap.com\\\/en\\\/venez-nous-rencontrer-au-green-business-forum-le-30-mars-a-lievin\\\/#primaryimage\"},\"thumbnailUrl\":\"https:\\\/\\\/www.ginger-burgeap.com\\\/wp-content\\\/uploads\\\/2023\\\/03\\\/green-business.jpg\",\"articleSection\":[\"actualit\u00e9s\"],\"inLanguage\":\"en-US\"},{\"@type\":\"WebPage\",\"@id\":\"https:\\\/\\\/www.ginger-burgeap.com\\\/en\\\/venez-nous-rencontrer-au-green-business-forum-le-30-mars-a-lievin\\\/\",\"url\":\"https:\\\/\\\/www.ginger-burgeap.com\\\/en\\\/venez-nous-rencontrer-au-green-business-forum-le-30-mars-a-lievin\\\/\",\"name\":\"Venez nous rencontrer au Green Business Forum le 30 mars \u00e0 Li\u00e9vin - Burgeap\",\"isPartOf\":{\"@id\":\"https:\\\/\\\/www.ginger-burgeap.com\\\/en\\\/#website\"},\"primaryImageOfPage\":{\"@id\":\"https:\\\/\\\/www.ginger-burgeap.com\\\/en\\\/venez-nous-rencontrer-au-green-business-forum-le-30-mars-a-lievin\\\/#primaryimage\"},\"image\":{\"@id\":\"https:\\\/\\\/www.ginger-burgeap.com\\\/en\\\/venez-nous-rencontrer-au-green-business-forum-le-30-mars-a-lievin\\\/#primaryimage\"},\"thumbnailUrl\":\"https:\\\/\\\/www.ginger-burgeap.com\\\/wp-content\\\/uploads\\\/2023\\\/03\\\/green-business.jpg\",\"datePublished\":\"2023-03-14T14:23:48+00:00\",\"dateModified\":\"2023-03-14T14:23:49+00:00\",\"author\":{\"@id\":\"https:\\\/\\\/www.ginger-burgeap.com\\\/en\\\/#\\\/schema\\\/person\\\/11e84a977fd4c15ab3d162944ca55fc4\"},\"breadcrumb\":{\"@id\":\"https:\\\/\\\/www.ginger-burgeap.com\\\/en\\\/venez-nous-rencontrer-au-green-business-forum-le-30-mars-a-lievin\\\/#breadcrumb\"},\"inLanguage\":\"en-US\",\"potentialAction\":[{\"@type\":\"ReadAction\",\"target\":[\"https:\\\/\\\/www.ginger-burgeap.com\\\/en\\\/venez-nous-rencontrer-au-green-business-forum-le-30-mars-a-lievin\\\/\"]}]},{\"@type\":\"ImageObject\",\"inLanguage\":\"en-US\",\"@id\":\"https:\\\/\\\/www.ginger-burgeap.com\\\/en\\\/venez-nous-rencontrer-au-green-business-forum-le-30-mars-a-lievin\\\/#primaryimage\",\"url\":\"https:\\\/\\\/www.ginger-burgeap.com\\\/wp-content\\\/uploads\\\/2023\\\/03\\\/green-business.jpg\",\"contentUrl\":\"https:\\\/\\\/www.ginger-burgeap.com\\\/wp-content\\\/uploads\\\/2023\\\/03\\\/green-business.jpg\",\"width\":1200,\"height\":1200},{\"@type\":\"BreadcrumbList\",\"@id\":\"https:\\\/\\\/www.ginger-burgeap.com\\\/en\\\/venez-nous-rencontrer-au-green-business-forum-le-30-mars-a-lievin\\\/#breadcrumb\",\"itemListElement\":[{\"@type\":\"ListItem\",\"position\":1,\"name\":\"Accueil\",\"item\":\"https:\\\/\\\/www.ginger-burgeap.com\\\/en\\\/\"},{\"@type\":\"ListItem\",\"position\":2,\"name\":\"Venez nous rencontrer au Green Business Forum le 30 mars \u00e0 Li\u00e9vin\"}]},{\"@type\":\"WebSite\",\"@id\":\"https:\\\/\\\/www.ginger-burgeap.com\\\/en\\\/#website\",\"url\":\"https:\\\/\\\/www.ginger-burgeap.com\\\/en\\\/\",\"name\":\"Burgeap\",\"description\":\"Bureau d&#039;\u00e9tudes sp\u00e9cialis\u00e9 en environnement\",\"potentialAction\":[{\"@type\":\"SearchAction\",\"target\":{\"@type\":\"EntryPoint\",\"urlTemplate\":\"https:\\\/\\\/www.ginger-burgeap.com\\\/en\\\/?s={search_term_string}\"},\"query-input\":{\"@type\":\"PropertyValueSpecification\",\"valueRequired\":true,\"valueName\":\"search_term_string\"}}],\"inLanguage\":\"en-US\"},{\"@type\":\"Person\",\"@id\":\"https:\\\/\\\/www.ginger-burgeap.com\\\/en\\\/#\\\/schema\\\/person\\\/11e84a977fd4c15ab3d162944ca55fc4\",\"name\":\"Aur\u00e9lie Mehl\",\"image\":{\"@type\":\"ImageObject\",\"inLanguage\":\"en-US\",\"@id\":\"https:\\\/\\\/secure.gravatar.com\\\/avatar\\\/65a8616d39580a91ddbac569ec73322eb09bc545f5811ec1b8e7841911c1bc65?s=96&d=mm&r=g\",\"url\":\"https:\\\/\\\/secure.gravatar.com\\\/avatar\\\/65a8616d39580a91ddbac569ec73322eb09bc545f5811ec1b8e7841911c1bc65?s=96&d=mm&r=g\",\"contentUrl\":\"https:\\\/\\\/secure.gravatar.com\\\/avatar\\\/65a8616d39580a91ddbac569ec73322eb09bc545f5811ec1b8e7841911c1bc65?s=96&d=mm&r=g\",\"caption\":\"Aur\u00e9lie Mehl\"},\"url\":\"https:\\\/\\\/www.ginger-burgeap.com\\\/en\\\/author\\\/aurelie_mehl25587\\\/\"}]}<\/script>\n<!-- \/ Yoast SEO Premium plugin. -->","yoast_head_json":{"title":"Venez nous rencontrer au Green Business Forum le 30 mars \u00e0 Li\u00e9vin - Burgeap","robots":{"index":"index","follow":"follow","max-snippet":"max-snippet:-1","max-image-preview":"max-image-preview:large","max-video-preview":"max-video-preview:-1"},"canonical":"https:\/\/www.ginger-burgeap.com\/en\/venez-nous-rencontrer-au-green-business-forum-le-30-mars-a-lievin\/","og_locale":"en_US","og_type":"article","og_title":"Venez nous rencontrer au Green Business Forum le 30 mars \u00e0 Li\u00e9vin","og_description":"Ginger et INSAVALOR-PROVADEMSE signent une convention-cadre de collaboration concernant les \u00e9tudes et les essais en laboratoire dans les domaines de la gestion des sites et sols pollu\u00e9s, des s\u00e9diments, des d\u00e9chets et des mat\u00e9riaux bas carbone.","og_url":"https:\/\/www.ginger-burgeap.com\/en\/venez-nous-rencontrer-au-green-business-forum-le-30-mars-a-lievin\/","og_site_name":"Burgeap","article_published_time":"2023-03-14T14:23:48+00:00","article_modified_time":"2023-03-14T14:23:49+00:00","og_image":[{"width":1200,"height":1200,"url":"https:\/\/www.ginger-burgeap.com\/wp-content\/uploads\/2023\/03\/green-business.jpg","type":"image\/jpeg"}],"author":"Aur\u00e9lie Mehl","twitter_card":"summary_large_image","twitter_misc":{"Written by":"Aur\u00e9lie Mehl"},"schema":{"@context":"https:\/\/schema.org","@graph":[{"@type":"Article","@id":"https:\/\/www.ginger-burgeap.com\/en\/venez-nous-rencontrer-au-green-business-forum-le-30-mars-a-lievin\/#article","isPartOf":{"@id":"https:\/\/www.ginger-burgeap.com\/en\/venez-nous-rencontrer-au-green-business-forum-le-30-mars-a-lievin\/"},"author":{"name":"Aur\u00e9lie Mehl","@id":"https:\/\/www.ginger-burgeap.com\/en\/#\/schema\/person\/11e84a977fd4c15ab3d162944ca55fc4"},"headline":"Venez nous rencontrer au Green Business Forum le 30 mars \u00e0 Li\u00e9vin","datePublished":"2023-03-14T14:23:48+00:00","dateModified":"2023-03-14T14:23:49+00:00","mainEntityOfPage":{"@id":"https:\/\/www.ginger-burgeap.com\/en\/venez-nous-rencontrer-au-green-business-forum-le-30-mars-a-lievin\/"},"wordCount":81,"image":{"@id":"https:\/\/www.ginger-burgeap.com\/en\/venez-nous-rencontrer-au-green-business-forum-le-30-mars-a-lievin\/#primaryimage"},"thumbnailUrl":"https:\/\/www.ginger-burgeap.com\/wp-content\/uploads\/2023\/03\/green-business.jpg","articleSection":["actualit\u00e9s"],"inLanguage":"en-US"},{"@type":"WebPage","@id":"https:\/\/www.ginger-burgeap.com\/en\/venez-nous-rencontrer-au-green-business-forum-le-30-mars-a-lievin\/","url":"https:\/\/www.ginger-burgeap.com\/en\/venez-nous-rencontrer-au-green-business-forum-le-30-mars-a-lievin\/","name":"Venez nous rencontrer au Green Business Forum le 30 mars \u00e0 Li\u00e9vin - Burgeap","isPartOf":{"@id":"https:\/\/www.ginger-burgeap.com\/en\/#website"},"primaryImageOfPage":{"@id":"https:\/\/www.ginger-burgeap.com\/en\/venez-nous-rencontrer-au-green-business-forum-le-30-mars-a-lievin\/#primaryimage"},"image":{"@id":"https:\/\/www.ginger-burgeap.com\/en\/venez-nous-rencontrer-au-green-business-forum-le-30-mars-a-lievin\/#primaryimage"},"thumbnailUrl":"https:\/\/www.ginger-burgeap.com\/wp-content\/uploads\/2023\/03\/green-business.jpg","datePublished":"2023-03-14T14:23:48+00:00","dateModified":"2023-03-14T14:23:49+00:00","author":{"@id":"https:\/\/www.ginger-burgeap.com\/en\/#\/schema\/person\/11e84a977fd4c15ab3d162944ca55fc4"},"breadcrumb":{"@id":"https:\/\/www.ginger-burgeap.com\/en\/venez-nous-rencontrer-au-green-business-forum-le-30-mars-a-lievin\/#breadcrumb"},"inLanguage":"en-US","potentialAction":[{"@type":"ReadAction","target":["https:\/\/www.ginger-burgeap.com\/en\/venez-nous-rencontrer-au-green-business-forum-le-30-mars-a-lievin\/"]}]},{"@type":"ImageObject","inLanguage":"en-US","@id":"https:\/\/www.ginger-burgeap.com\/en\/venez-nous-rencontrer-au-green-business-forum-le-30-mars-a-lievin\/#primaryimage","url":"https:\/\/www.ginger-burgeap.com\/wp-content\/uploads\/2023\/03\/green-business.jpg","contentUrl":"https:\/\/www.ginger-burgeap.com\/wp-content\/uploads\/2023\/03\/green-business.jpg","width":1200,"height":1200},{"@type":"BreadcrumbList","@id":"https:\/\/www.ginger-burgeap.com\/en\/venez-nous-rencontrer-au-green-business-forum-le-30-mars-a-lievin\/#breadcrumb","itemListElement":[{"@type":"ListItem","position":1,"name":"Accueil","item":"https:\/\/www.ginger-burgeap.com\/en\/"},{"@type":"ListItem","position":2,"name":"Venez nous rencontrer au Green Business Forum le 30 mars \u00e0 Li\u00e9vin"}]},{"@type":"WebSite","@id":"https:\/\/www.ginger-burgeap.com\/en\/#website","url":"https:\/\/www.ginger-burgeap.com\/en\/","name":"Burgeap","description":"Bureau d&#039;\u00e9tudes sp\u00e9cialis\u00e9 en environnement","potentialAction":[{"@type":"SearchAction","target":{"@type":"EntryPoint","urlTemplate":"https:\/\/www.ginger-burgeap.com\/en\/?s={search_term_string}"},"query-input":{"@type":"PropertyValueSpecification","valueRequired":true,"valueName":"search_term_string"}}],"inLanguage":"en-US"},{"@type":"Person","@id":"https:\/\/www.ginger-burgeap.com\/en\/#\/schema\/person\/11e84a977fd4c15ab3d162944ca55fc4","name":"Aur\u00e9lie Mehl","image":{"@type":"ImageObject","inLanguage":"en-US","@id":"https:\/\/secure.gravatar.com\/avatar\/65a8616d39580a91ddbac569ec73322eb09bc545f5811ec1b8e7841911c1bc65?s=96&d=mm&r=g","url":"https:\/\/secure.gravatar.com\/avatar\/65a8616d39580a91ddbac569ec73322eb09bc545f5811ec1b8e7841911c1bc65?s=96&d=mm&r=g","contentUrl":"https:\/\/secure.gravatar.com\/avatar\/65a8616d39580a91ddbac569ec73322eb09bc545f5811ec1b8e7841911c1bc65?s=96&d=mm&r=g","caption":"Aur\u00e9lie Mehl"},"url":"https:\/\/www.ginger-burgeap.com\/en\/author\/aurelie_mehl25587\/"}]}},"_links":{"self":[{"href":"https:\/\/www.ginger-burgeap.com\/en\/wp-json\/wp\/v2\/posts\/5616","targetHints":{"allow":["GET"]}}],"collection":[{"href":"https:\/\/www.ginger-burgeap.com\/en\/wp-json\/wp\/v2\/posts"}],"about":[{"href":"https:\/\/www.ginger-burgeap.com\/en\/wp-json\/wp\/v2\/types\/post"}],"author":[{"embeddable":true,"href":"https:\/\/www.ginger-burgeap.com\/en\/wp-json\/wp\/v2\/users\/9"}],"replies":[{"embeddable":true,"href":"https:\/\/www.ginger-burgeap.com\/en\/wp-json\/wp\/v2\/comments?post=5616"}],"version-history":[{"count":1,"href":"https:\/\/www.ginger-burgeap.com\/en\/wp-json\/wp\/v2\/posts\/5616\/revisions"}],"predecessor-version":[{"id":5619,"href":"https:\/\/www.ginger-burgeap.com\/en\/wp-json\/wp\/v2\/posts\/5616\/revisions\/5619"}],"wp:featuredmedia":[{"embeddable":true,"href":"https:\/\/www.ginger-burgeap.com\/en\/wp-json\/wp\/v2\/media\/5617"}],"wp:attachment":[{"href":"https:\/\/www.ginger-burgeap.com\/en\/wp-json\/wp\/v2\/media?parent=5616"}],"wp:term":[{"taxonomy":"category","embeddable":true,"href":"https:\/\/www.ginger-burgeap.com\/en\/wp-json\/wp\/v2\/categories?post=5616"},{"taxonomy":"post_tag","embeddable":true,"href":"https:\/\/www.ginger-burgeap.com\/en\/wp-json\/wp\/v2\/tags?post=5616"}],"curies":[{"name":"wp","href":"https:\/\/api.w.org\/{rel}","templated":true}]}}