{"id":797,"date":"2017-11-13T16:53:13","date_gmt":"2017-11-13T15:53:13","guid":{"rendered":"http:\/\/www.burgeap.fr\/?p=797"},"modified":"2019-04-12T17:49:23","modified_gmt":"2019-04-12T15:49:23","slug":"la-presse-locale-met-a-lhonneur-la-rehabilitation-de-la-decharge-sauvage-de-lingreville","status":"publish","type":"post","link":"https:\/\/www.ginger-burgeap.com\/en\/la-presse-locale-met-a-lhonneur-la-rehabilitation-de-la-decharge-sauvage-de-lingreville\/","title":{"rendered":"La presse locale met \u00e0 l\u2019honneur la r\u00e9habilitation de la d\u00e9charge sauvage de Lingreville"},"content":{"rendered":"<p><span class=\"h6\">Photo Jean-Fran\u00e7ois Leroy<\/span><\/p>\n<p>BURGEAP, ma\u00eetre d\u2019\u0153uvre pour le compte de l\u2019EPFN sur une op\u00e9ration d\u2019envergure qui consiste \u00e0 retirer 10\u2009000\u2009m3 des d\u00e9chets \u00e9tal\u00e9s sur 4\u2009m d\u2019\u00e9paisseur sur une surface de 4\u2009000\u2009m2 (environ 6 000 tonnes) et \u00e0 les envoyer vers une installation de stockage de d\u00e9chets non dangereux. Le site devrait \u00eatre remis en \u00e9tat en janvier.<br \/>\nTrois articles \u00e9voquent l\u2019op\u00e9ration de r\u00e9habilitation de la d\u00e9charge sauvage de la Samaritaine \u00e0 Lingreville (Manche) :\u00a0<a href=\"https:\/\/www.ouest-france.fr\/normandie\/coutances-50200\/les-dechets-de-la-decharge-sauvage-de-lingreville-retires-5369650\" target=\"_blank\" rel=\"alternate noopener noreferrer\">Ouest-France<\/a>,\u00a0<a href=\"https:\/\/www.lamanchelibre.fr\/actualite-417453-photos-manche-bientot-la-fin-de-la-samaritaine-decharge-a-ciel-ouvert\" target=\"_blank\" rel=\"alternate noopener noreferrer\">la Manche libre<\/a>,\u00a0<a href=\"https:\/\/actu.fr\/normandie\/lingreville_50272\/lingreville-derniere-phase-la-rehabilitation-la-decharge-la-samaritaine_13356105.html\" target=\"_blank\" rel=\"alternate noopener noreferrer\">Actu.fr<\/a>.<\/p>\n","protected":false},"excerpt":{"rendered":"<p>Photo Jean-Fran\u00e7ois Leroy BURGEAP, ma\u00eetre d\u2019\u0153uvre pour le compte de l\u2019EPFN sur une op\u00e9ration d\u2019envergure qui consiste \u00e0 retirer 10\u2009000\u2009m3 des d\u00e9chets \u00e9tal\u00e9s sur 4\u2009m d\u2019\u00e9paisseur sur une surface de 4\u2009000\u2009m2 (environ 6 000 tonnes) et \u00e0 les envoyer vers une installation de stockage de d\u00e9chets non dangereux. Le site devrait \u00eatre remis en \u00e9tat en janvier. Trois articles \u00e9voquent &#8230;<\/p>\n","protected":false},"author":2,"featured_media":798,"comment_status":"closed","ping_status":"open","sticky":false,"template":"","format":"standard","meta":{"footnotes":""},"categories":[947,5],"tags":[],"class_list":["post-797","post","type-post","status-publish","format-standard","has-post-thumbnail","hentry","category-actu","category-non-classifiee"],"acf":[],"yoast_head":"<!-- This site is optimized with the Yoast SEO Premium plugin v27.3 (Yoast SEO v27.5) - https:\/\/yoast.com\/product\/yoast-seo-premium-wordpress\/ -->\n<title>La presse locale met \u00e0 l\u2019honneur la r\u00e9habilitation de la d\u00e9charge sauvage de Lingreville - Burgeap<\/title>\n<meta name=\"robots\" content=\"index, follow, max-snippet:-1, max-image-preview:large, max-video-preview:-1\" \/>\n<link rel=\"canonical\" href=\"https:\/\/www.ginger-burgeap.com\/en\/la-presse-locale-met-a-lhonneur-la-rehabilitation-de-la-decharge-sauvage-de-lingreville\/\" \/>\n<meta property=\"og:locale\" content=\"en_US\" \/>\n<meta property=\"og:type\" content=\"article\" \/>\n<meta property=\"og:title\" content=\"La presse locale met \u00e0 l\u2019honneur la r\u00e9habilitation de la d\u00e9charge sauvage de Lingreville\" \/>\n<meta property=\"og:description\" content=\"Photo Jean-Fran\u00e7ois Leroy BURGEAP, ma\u00eetre d\u2019\u0153uvre pour le compte de l\u2019EPFN sur une op\u00e9ration d\u2019envergure qui consiste \u00e0 retirer 10\u2009000\u2009m3 des d\u00e9chets \u00e9tal\u00e9s sur 4\u2009m d\u2019\u00e9paisseur sur une surface de 4\u2009000\u2009m2 (environ 6 000 tonnes) et \u00e0 les envoyer vers une installation de stockage de d\u00e9chets non dangereux. Le site devrait \u00eatre remis en \u00e9tat en janvier. Trois articles \u00e9voquent ...\" \/>\n<meta property=\"og:url\" content=\"https:\/\/www.ginger-burgeap.com\/en\/la-presse-locale-met-a-lhonneur-la-rehabilitation-de-la-decharge-sauvage-de-lingreville\/\" \/>\n<meta property=\"og:site_name\" content=\"Burgeap\" \/>\n<meta property=\"article:published_time\" content=\"2017-11-13T15:53:13+00:00\" \/>\n<meta property=\"article:modified_time\" content=\"2019-04-12T15:49:23+00:00\" \/>\n<meta property=\"og:image\" content=\"https:\/\/www.ginger-burgeap.com\/wp-content\/uploads\/2018\/10\/lingreville.jpg\" \/>\n\t<meta property=\"og:image:width\" content=\"550\" \/>\n\t<meta property=\"og:image:height\" content=\"413\" \/>\n\t<meta property=\"og:image:type\" content=\"image\/jpeg\" \/>\n<meta name=\"author\" content=\"Magali Malfugeon\" \/>\n<meta name=\"twitter:card\" content=\"summary_large_image\" \/>\n<meta name=\"twitter:label1\" content=\"Written by\" \/>\n\t<meta name=\"twitter:data1\" content=\"Magali Malfugeon\" \/>\n<script type=\"application\/ld+json\" class=\"yoast-schema-graph\">{\"@context\":\"https:\\\/\\\/schema.org\",\"@graph\":[{\"@type\":\"Article\",\"@id\":\"https:\\\/\\\/www.ginger-burgeap.com\\\/en\\\/la-presse-locale-met-a-lhonneur-la-rehabilitation-de-la-decharge-sauvage-de-lingreville\\\/#article\",\"isPartOf\":{\"@id\":\"https:\\\/\\\/www.ginger-burgeap.com\\\/en\\\/la-presse-locale-met-a-lhonneur-la-rehabilitation-de-la-decharge-sauvage-de-lingreville\\\/\"},\"author\":{\"name\":\"Magali Malfugeon\",\"@id\":\"https:\\\/\\\/www.ginger-burgeap.com\\\/en\\\/#\\\/schema\\\/person\\\/fbbbf12e9b4f3518d5730dcddf77a670\"},\"headline\":\"La presse locale met \u00e0 l\u2019honneur la r\u00e9habilitation de la d\u00e9charge sauvage de Lingreville\",\"datePublished\":\"2017-11-13T15:53:13+00:00\",\"dateModified\":\"2019-04-12T15:49:23+00:00\",\"mainEntityOfPage\":{\"@id\":\"https:\\\/\\\/www.ginger-burgeap.com\\\/en\\\/la-presse-locale-met-a-lhonneur-la-rehabilitation-de-la-decharge-sauvage-de-lingreville\\\/\"},\"wordCount\":104,\"image\":{\"@id\":\"https:\\\/\\\/www.ginger-burgeap.com\\\/en\\\/la-presse-locale-met-a-lhonneur-la-rehabilitation-de-la-decharge-sauvage-de-lingreville\\\/#primaryimage\"},\"thumbnailUrl\":\"https:\\\/\\\/www.ginger-burgeap.com\\\/wp-content\\\/uploads\\\/2018\\\/10\\\/lingreville.jpg\",\"articleSection\":[\"actualit\u00e9s\",\"Non classifi\u00e9(e)\"],\"inLanguage\":\"en-US\"},{\"@type\":\"WebPage\",\"@id\":\"https:\\\/\\\/www.ginger-burgeap.com\\\/en\\\/la-presse-locale-met-a-lhonneur-la-rehabilitation-de-la-decharge-sauvage-de-lingreville\\\/\",\"url\":\"https:\\\/\\\/www.ginger-burgeap.com\\\/en\\\/la-presse-locale-met-a-lhonneur-la-rehabilitation-de-la-decharge-sauvage-de-lingreville\\\/\",\"name\":\"La presse locale met \u00e0 l\u2019honneur la r\u00e9habilitation de la d\u00e9charge sauvage de Lingreville - Burgeap\",\"isPartOf\":{\"@id\":\"https:\\\/\\\/www.ginger-burgeap.com\\\/en\\\/#website\"},\"primaryImageOfPage\":{\"@id\":\"https:\\\/\\\/www.ginger-burgeap.com\\\/en\\\/la-presse-locale-met-a-lhonneur-la-rehabilitation-de-la-decharge-sauvage-de-lingreville\\\/#primaryimage\"},\"image\":{\"@id\":\"https:\\\/\\\/www.ginger-burgeap.com\\\/en\\\/la-presse-locale-met-a-lhonneur-la-rehabilitation-de-la-decharge-sauvage-de-lingreville\\\/#primaryimage\"},\"thumbnailUrl\":\"https:\\\/\\\/www.ginger-burgeap.com\\\/wp-content\\\/uploads\\\/2018\\\/10\\\/lingreville.jpg\",\"datePublished\":\"2017-11-13T15:53:13+00:00\",\"dateModified\":\"2019-04-12T15:49:23+00:00\",\"author\":{\"@id\":\"https:\\\/\\\/www.ginger-burgeap.com\\\/en\\\/#\\\/schema\\\/person\\\/fbbbf12e9b4f3518d5730dcddf77a670\"},\"breadcrumb\":{\"@id\":\"https:\\\/\\\/www.ginger-burgeap.com\\\/en\\\/la-presse-locale-met-a-lhonneur-la-rehabilitation-de-la-decharge-sauvage-de-lingreville\\\/#breadcrumb\"},\"inLanguage\":\"en-US\",\"potentialAction\":[{\"@type\":\"ReadAction\",\"target\":[\"https:\\\/\\\/www.ginger-burgeap.com\\\/en\\\/la-presse-locale-met-a-lhonneur-la-rehabilitation-de-la-decharge-sauvage-de-lingreville\\\/\"]}]},{\"@type\":\"ImageObject\",\"inLanguage\":\"en-US\",\"@id\":\"https:\\\/\\\/www.ginger-burgeap.com\\\/en\\\/la-presse-locale-met-a-lhonneur-la-rehabilitation-de-la-decharge-sauvage-de-lingreville\\\/#primaryimage\",\"url\":\"https:\\\/\\\/www.ginger-burgeap.com\\\/wp-content\\\/uploads\\\/2018\\\/10\\\/lingreville.jpg\",\"contentUrl\":\"https:\\\/\\\/www.ginger-burgeap.com\\\/wp-content\\\/uploads\\\/2018\\\/10\\\/lingreville.jpg\",\"width\":550,\"height\":413},{\"@type\":\"BreadcrumbList\",\"@id\":\"https:\\\/\\\/www.ginger-burgeap.com\\\/en\\\/la-presse-locale-met-a-lhonneur-la-rehabilitation-de-la-decharge-sauvage-de-lingreville\\\/#breadcrumb\",\"itemListElement\":[{\"@type\":\"ListItem\",\"position\":1,\"name\":\"Accueil\",\"item\":\"https:\\\/\\\/www.ginger-burgeap.com\\\/en\\\/\"},{\"@type\":\"ListItem\",\"position\":2,\"name\":\"La presse locale met \u00e0 l\u2019honneur la r\u00e9habilitation de la d\u00e9charge sauvage de Lingreville\"}]},{\"@type\":\"WebSite\",\"@id\":\"https:\\\/\\\/www.ginger-burgeap.com\\\/en\\\/#website\",\"url\":\"https:\\\/\\\/www.ginger-burgeap.com\\\/en\\\/\",\"name\":\"Burgeap\",\"description\":\"Bureau d&#039;\u00e9tudes sp\u00e9cialis\u00e9 en environnement\",\"potentialAction\":[{\"@type\":\"SearchAction\",\"target\":{\"@type\":\"EntryPoint\",\"urlTemplate\":\"https:\\\/\\\/www.ginger-burgeap.com\\\/en\\\/?s={search_term_string}\"},\"query-input\":{\"@type\":\"PropertyValueSpecification\",\"valueRequired\":true,\"valueName\":\"search_term_string\"}}],\"inLanguage\":\"en-US\"},{\"@type\":\"Person\",\"@id\":\"https:\\\/\\\/www.ginger-burgeap.com\\\/en\\\/#\\\/schema\\\/person\\\/fbbbf12e9b4f3518d5730dcddf77a670\",\"name\":\"Magali Malfugeon\",\"image\":{\"@type\":\"ImageObject\",\"inLanguage\":\"en-US\",\"@id\":\"https:\\\/\\\/secure.gravatar.com\\\/avatar\\\/7343ffc75c8910f6a297490aa13006b434703f69930f9e45cbc7818dc5700ee6?s=96&d=mm&r=g\",\"url\":\"https:\\\/\\\/secure.gravatar.com\\\/avatar\\\/7343ffc75c8910f6a297490aa13006b434703f69930f9e45cbc7818dc5700ee6?s=96&d=mm&r=g\",\"contentUrl\":\"https:\\\/\\\/secure.gravatar.com\\\/avatar\\\/7343ffc75c8910f6a297490aa13006b434703f69930f9e45cbc7818dc5700ee6?s=96&d=mm&r=g\",\"caption\":\"Magali Malfugeon\"},\"url\":\"https:\\\/\\\/www.ginger-burgeap.com\\\/en\\\/author\\\/magali_malfugeon\\\/\"}]}<\/script>\n<!-- \/ Yoast SEO Premium plugin. -->","yoast_head_json":{"title":"La presse locale met \u00e0 l\u2019honneur la r\u00e9habilitation de la d\u00e9charge sauvage de Lingreville - Burgeap","robots":{"index":"index","follow":"follow","max-snippet":"max-snippet:-1","max-image-preview":"max-image-preview:large","max-video-preview":"max-video-preview:-1"},"canonical":"https:\/\/www.ginger-burgeap.com\/en\/la-presse-locale-met-a-lhonneur-la-rehabilitation-de-la-decharge-sauvage-de-lingreville\/","og_locale":"en_US","og_type":"article","og_title":"La presse locale met \u00e0 l\u2019honneur la r\u00e9habilitation de la d\u00e9charge sauvage de Lingreville","og_description":"Photo Jean-Fran\u00e7ois Leroy BURGEAP, ma\u00eetre d\u2019\u0153uvre pour le compte de l\u2019EPFN sur une op\u00e9ration d\u2019envergure qui consiste \u00e0 retirer 10\u2009000\u2009m3 des d\u00e9chets \u00e9tal\u00e9s sur 4\u2009m d\u2019\u00e9paisseur sur une surface de 4\u2009000\u2009m2 (environ 6 000 tonnes) et \u00e0 les envoyer vers une installation de stockage de d\u00e9chets non dangereux. Le site devrait \u00eatre remis en \u00e9tat en janvier. Trois articles \u00e9voquent ...","og_url":"https:\/\/www.ginger-burgeap.com\/en\/la-presse-locale-met-a-lhonneur-la-rehabilitation-de-la-decharge-sauvage-de-lingreville\/","og_site_name":"Burgeap","article_published_time":"2017-11-13T15:53:13+00:00","article_modified_time":"2019-04-12T15:49:23+00:00","og_image":[{"width":550,"height":413,"url":"https:\/\/www.ginger-burgeap.com\/wp-content\/uploads\/2018\/10\/lingreville.jpg","type":"image\/jpeg"}],"author":"Magali Malfugeon","twitter_card":"summary_large_image","twitter_misc":{"Written by":"Magali Malfugeon"},"schema":{"@context":"https:\/\/schema.org","@graph":[{"@type":"Article","@id":"https:\/\/www.ginger-burgeap.com\/en\/la-presse-locale-met-a-lhonneur-la-rehabilitation-de-la-decharge-sauvage-de-lingreville\/#article","isPartOf":{"@id":"https:\/\/www.ginger-burgeap.com\/en\/la-presse-locale-met-a-lhonneur-la-rehabilitation-de-la-decharge-sauvage-de-lingreville\/"},"author":{"name":"Magali Malfugeon","@id":"https:\/\/www.ginger-burgeap.com\/en\/#\/schema\/person\/fbbbf12e9b4f3518d5730dcddf77a670"},"headline":"La presse locale met \u00e0 l\u2019honneur la r\u00e9habilitation de la d\u00e9charge sauvage de Lingreville","datePublished":"2017-11-13T15:53:13+00:00","dateModified":"2019-04-12T15:49:23+00:00","mainEntityOfPage":{"@id":"https:\/\/www.ginger-burgeap.com\/en\/la-presse-locale-met-a-lhonneur-la-rehabilitation-de-la-decharge-sauvage-de-lingreville\/"},"wordCount":104,"image":{"@id":"https:\/\/www.ginger-burgeap.com\/en\/la-presse-locale-met-a-lhonneur-la-rehabilitation-de-la-decharge-sauvage-de-lingreville\/#primaryimage"},"thumbnailUrl":"https:\/\/www.ginger-burgeap.com\/wp-content\/uploads\/2018\/10\/lingreville.jpg","articleSection":["actualit\u00e9s","Non classifi\u00e9(e)"],"inLanguage":"en-US"},{"@type":"WebPage","@id":"https:\/\/www.ginger-burgeap.com\/en\/la-presse-locale-met-a-lhonneur-la-rehabilitation-de-la-decharge-sauvage-de-lingreville\/","url":"https:\/\/www.ginger-burgeap.com\/en\/la-presse-locale-met-a-lhonneur-la-rehabilitation-de-la-decharge-sauvage-de-lingreville\/","name":"La presse locale met \u00e0 l\u2019honneur la r\u00e9habilitation de la d\u00e9charge sauvage de Lingreville - Burgeap","isPartOf":{"@id":"https:\/\/www.ginger-burgeap.com\/en\/#website"},"primaryImageOfPage":{"@id":"https:\/\/www.ginger-burgeap.com\/en\/la-presse-locale-met-a-lhonneur-la-rehabilitation-de-la-decharge-sauvage-de-lingreville\/#primaryimage"},"image":{"@id":"https:\/\/www.ginger-burgeap.com\/en\/la-presse-locale-met-a-lhonneur-la-rehabilitation-de-la-decharge-sauvage-de-lingreville\/#primaryimage"},"thumbnailUrl":"https:\/\/www.ginger-burgeap.com\/wp-content\/uploads\/2018\/10\/lingreville.jpg","datePublished":"2017-11-13T15:53:13+00:00","dateModified":"2019-04-12T15:49:23+00:00","author":{"@id":"https:\/\/www.ginger-burgeap.com\/en\/#\/schema\/person\/fbbbf12e9b4f3518d5730dcddf77a670"},"breadcrumb":{"@id":"https:\/\/www.ginger-burgeap.com\/en\/la-presse-locale-met-a-lhonneur-la-rehabilitation-de-la-decharge-sauvage-de-lingreville\/#breadcrumb"},"inLanguage":"en-US","potentialAction":[{"@type":"ReadAction","target":["https:\/\/www.ginger-burgeap.com\/en\/la-presse-locale-met-a-lhonneur-la-rehabilitation-de-la-decharge-sauvage-de-lingreville\/"]}]},{"@type":"ImageObject","inLanguage":"en-US","@id":"https:\/\/www.ginger-burgeap.com\/en\/la-presse-locale-met-a-lhonneur-la-rehabilitation-de-la-decharge-sauvage-de-lingreville\/#primaryimage","url":"https:\/\/www.ginger-burgeap.com\/wp-content\/uploads\/2018\/10\/lingreville.jpg","contentUrl":"https:\/\/www.ginger-burgeap.com\/wp-content\/uploads\/2018\/10\/lingreville.jpg","width":550,"height":413},{"@type":"BreadcrumbList","@id":"https:\/\/www.ginger-burgeap.com\/en\/la-presse-locale-met-a-lhonneur-la-rehabilitation-de-la-decharge-sauvage-de-lingreville\/#breadcrumb","itemListElement":[{"@type":"ListItem","position":1,"name":"Accueil","item":"https:\/\/www.ginger-burgeap.com\/en\/"},{"@type":"ListItem","position":2,"name":"La presse locale met \u00e0 l\u2019honneur la r\u00e9habilitation de la d\u00e9charge sauvage de Lingreville"}]},{"@type":"WebSite","@id":"https:\/\/www.ginger-burgeap.com\/en\/#website","url":"https:\/\/www.ginger-burgeap.com\/en\/","name":"Burgeap","description":"Bureau d&#039;\u00e9tudes sp\u00e9cialis\u00e9 en environnement","potentialAction":[{"@type":"SearchAction","target":{"@type":"EntryPoint","urlTemplate":"https:\/\/www.ginger-burgeap.com\/en\/?s={search_term_string}"},"query-input":{"@type":"PropertyValueSpecification","valueRequired":true,"valueName":"search_term_string"}}],"inLanguage":"en-US"},{"@type":"Person","@id":"https:\/\/www.ginger-burgeap.com\/en\/#\/schema\/person\/fbbbf12e9b4f3518d5730dcddf77a670","name":"Magali Malfugeon","image":{"@type":"ImageObject","inLanguage":"en-US","@id":"https:\/\/secure.gravatar.com\/avatar\/7343ffc75c8910f6a297490aa13006b434703f69930f9e45cbc7818dc5700ee6?s=96&d=mm&r=g","url":"https:\/\/secure.gravatar.com\/avatar\/7343ffc75c8910f6a297490aa13006b434703f69930f9e45cbc7818dc5700ee6?s=96&d=mm&r=g","contentUrl":"https:\/\/secure.gravatar.com\/avatar\/7343ffc75c8910f6a297490aa13006b434703f69930f9e45cbc7818dc5700ee6?s=96&d=mm&r=g","caption":"Magali Malfugeon"},"url":"https:\/\/www.ginger-burgeap.com\/en\/author\/magali_malfugeon\/"}]}},"_links":{"self":[{"href":"https:\/\/www.ginger-burgeap.com\/en\/wp-json\/wp\/v2\/posts\/797","targetHints":{"allow":["GET"]}}],"collection":[{"href":"https:\/\/www.ginger-burgeap.com\/en\/wp-json\/wp\/v2\/posts"}],"about":[{"href":"https:\/\/www.ginger-burgeap.com\/en\/wp-json\/wp\/v2\/types\/post"}],"author":[{"embeddable":true,"href":"https:\/\/www.ginger-burgeap.com\/en\/wp-json\/wp\/v2\/users\/2"}],"replies":[{"embeddable":true,"href":"https:\/\/www.ginger-burgeap.com\/en\/wp-json\/wp\/v2\/comments?post=797"}],"version-history":[{"count":1,"href":"https:\/\/www.ginger-burgeap.com\/en\/wp-json\/wp\/v2\/posts\/797\/revisions"}],"predecessor-version":[{"id":799,"href":"https:\/\/www.ginger-burgeap.com\/en\/wp-json\/wp\/v2\/posts\/797\/revisions\/799"}],"wp:featuredmedia":[{"embeddable":true,"href":"https:\/\/www.ginger-burgeap.com\/en\/wp-json\/wp\/v2\/media\/798"}],"wp:attachment":[{"href":"https:\/\/www.ginger-burgeap.com\/en\/wp-json\/wp\/v2\/media?parent=797"}],"wp:term":[{"taxonomy":"category","embeddable":true,"href":"https:\/\/www.ginger-burgeap.com\/en\/wp-json\/wp\/v2\/categories?post=797"},{"taxonomy":"post_tag","embeddable":true,"href":"https:\/\/www.ginger-burgeap.com\/en\/wp-json\/wp\/v2\/tags?post=797"}],"curies":[{"name":"wp","href":"https:\/\/api.w.org\/{rel}","templated":true}]}}